{"id":995,"date":"2025-03-26T22:23:38","date_gmt":"2025-03-26T22:23:38","guid":{"rendered":"https:\/\/hwlegal.cz\/?p=995"},"modified":"2025-03-28T09:07:58","modified_gmt":"2025-03-28T09:07:58","slug":"vyzivne-mezi-manzely","status":"publish","type":"post","link":"https:\/\/hwlegal.cz\/en\/vyzivne-mezi-manzely\/","title":{"rendered":"Spousal maintenance"},"content":{"rendered":"\n<p>Man\u017eel\u00e9 maj\u00ed vz\u00e1jemnou vy\u017eivovac\u00ed povinnost v&nbsp;dob\u011b trv\u00e1n\u00ed man\u017eelstv\u00ed. Ta m\u00e1 zajistit ob\u011bma man\u017eel\u016fm z\u00e1sadn\u011b stejnou hmotnou a kulturn\u00ed \u00farove\u0148.<\/p>\n\n\n\n<h2 class=\"wp-block-heading\"><strong>K&nbsp;\u010demu slou\u017e\u00ed vy\u017eivovac\u00ed povinnost mezi man\u017eely?<\/strong><\/h2>\n\n\n\n<p>V\u00fd\u017eivn\u00e9 mezi man\u017eely slou\u017e\u00ed k vyrovn\u00e1n\u00ed rozd\u00edl\u016f v jejich finan\u010dn\u00edm zabezpe\u010den\u00ed. Nen\u00ed podm\u00edn\u011bno pouze t\u00edm, \u017ee by jeden z man\u017eel\u016f nebyl schopen pokr\u00fdt sv\u00e9 pot\u0159eby s\u00e1m, ale i situac\u00ed, kdy existuje v\u00fdrazn\u00fd rozd\u00edl mezi finan\u010dn\u00edmi mo\u017enostmi a p\u0159\u00edjmy obou man\u017eel\u016f.<\/p>\n\n\n\n<h2 class=\"wp-block-heading\"><strong>Kdy maj\u00ed man\u017eel\u00e9 vz\u00e1jemnou vy\u017eivovac\u00ed povinnost?<\/strong><\/h2>\n\n\n\n<p>Tato povinnost trv\u00e1 po celou dobu trv\u00e1n\u00ed man\u017eelstv\u00ed, tj. od s\u0148atku a\u017e do pr\u00e1vn\u00ed moci rozsudku o rozvodu. Man\u017eel\u00e9 maj\u00ed vz\u00e1jemnou vy\u017eivovac\u00ed povinnost i pokud \u017eij\u00ed odd\u011blen\u011b, ale form\u00e1ln\u011b jsou st\u00e1le v&nbsp;man\u017eelsk\u00e9m svazku. I v takov\u00fdch p\u0159\u00edpadech plat\u00ed princip zaji\u0161t\u011bn\u00ed obdobn\u00e9 \u017eivotn\u00ed \u00farovn\u011b obou man\u017eel\u016f. Vy\u017eivovac\u00ed povinnost dokonce nen\u00ed ani omezen\u00e1 pln\u011bn\u00edm man\u017eelsk\u00fdch povinnost\u00ed.<\/p>\n\n\n\n<p>Z tohoto d\u016fvodu lze doporu\u010dit t\u011bm, kdo si jsou jisti trval\u00fdm rozpadem vztahu, aby se pokusili pr\u00e1vn\u011b ukon\u010dit man\u017eelstv\u00ed co nejd\u0159\u00edve. \u010c\u00edm d\u00e9le trv\u00e1 nefunk\u010dn\u00ed man\u017eelstv\u00ed, t\u00edm v\u00fdrazn\u011bj\u0161\u00ed mohou b\u00fdt jeho finan\u010dn\u00ed d\u016fsledky pro jednoho z&nbsp;man\u017eel\u016f. Nap\u0159\u00edklad jeho povinnost\u00ed dorovn\u00e1vat \u017eivotn\u00ed \u00farove\u0148 druh\u00e9ho man\u017eela hrazen\u00edm v\u00fd\u017eivn\u00e9ho.<\/p>\n\n\n\n<h3 class=\"wp-block-heading\"><strong>V\u00fdjimky z&nbsp;povinnosti platit v\u00fd\u017eivn\u00e9 man\u017eelovi<\/strong><\/h3>\n\n\n\n<p>Existuj\u00ed v\u0161ak ur\u010dit\u00e9 v\u00fdjimky. Zneu\u017eit\u00ed pr\u00e1va nebo snaha z\u00edskat v\u00fdhodu nepoctiv\u00fdm jedn\u00e1n\u00edm m\u016f\u017ee v\u00e9st k zam\u00edtnut\u00ed \u017e\u00e1dosti o v\u00fd\u017eivn\u00e9. Dle judikatury nap\u0159. \u201eD\u016fvodem pro nep\u0159izn\u00e1n\u00ed v\u00fd\u017eivn\u00e9ho man\u017eelovi m\u016f\u017ee b\u00fdt i poru\u0161en\u00ed man\u017eelsk\u00e9 v\u011brnosti. Ale skute\u010dnost, \u017ee i druh\u00fd man\u017eel je\u0161t\u011b d\u0159\u00edve poru\u0161il man\u017eelskou v\u011brnost, odep\u0159en\u00ed v\u00fd\u017eivn\u00e9ho nem\u016f\u017ee ovlivnit.\u201c<a href=\"#_ftn1\" id=\"_ftnref1\">[1]<\/a><\/p>\n\n\n\n<h3 class=\"wp-block-heading\"><strong>P\u0159edman\u017eelsk\u00e1 smlouva a v\u00fd\u017eivn\u00e9 mezi man\u017eel<\/strong>y<\/h3>\n\n\n\n<p>Pozor: To, \u017ee maj\u00ed man\u017eel\u00e9 \u201ep\u0159edman\u017eelskou smlouvu\u201c neovliv\u0148uje jejich vz\u00e1jemnou vy\u017eivovac\u00ed povinnost. Re\u017eim odd\u011blen\u00fdch jm\u011bn\u00ed (nebo jin\u00fd smluven\u00fd man\u017eelsk\u00fd majetkov\u00fd re\u017eim) neznamen\u00e1, \u017ee si man\u017eel\u00e9 vz\u00e1jemn\u011b nemus\u00ed dorovn\u00e1vat \u017eivotn\u00ed \u00farove\u0148.<\/p>\n\n\n\n<p>V\u00fd\u017eivn\u00e9 mezi man\u017eely nelze smluvn\u011b do budoucna vylou\u010dit. Lze si v\u0161ak sjednat v\u00fd\u0161i v\u00fd\u017eivn\u00e9ho (takov\u00fd je n\u00e1zor odborn\u00e9 literatury).<a id=\"_ftnref2\" href=\"#_ftn2\">[2]<\/a><\/p>\n\n\n\n<h2 class=\"wp-block-heading\"><strong>N\u00e1rokov\u00e1n\u00ed v\u00fd\u017eivn\u00e9ho soudn\u00ed cestou<\/strong><\/h2>\n\n\n\n<p>Pokud mezi man\u017eely existuj\u00ed v\u00fdrazn\u00e9 rozd\u00edly v p\u0159\u00edjmech a nejsou schopni se dohodnout, m\u016f\u017ee se man\u017eel s&nbsp;hor\u0161\u00edm \u017eivotn\u00edm standardem obr\u00e1tit na soud.<\/p>\n\n\n\n<p>Soud prov\u00e1d\u00ed komplexn\u00ed posouzen\u00ed: porovn\u00e1v\u00e1 hmotnou a kulturn\u00ed \u00farove\u0148 obou man\u017eel\u016f. Ta m\u00e1 b\u00fdt z\u00e1sadn\u011b stejn\u00e1. Pokud tomu tak nen\u00ed, v\u00fd\u017eivn\u00e9 m\u00e1 dorovnat hmotnou a kulturn\u00ed \u00farove\u0148 jednoho z&nbsp;nich. V\u00fd\u017eivn\u00e9 m\u00e1 tedy dorovn\u00e1vac\u00ed funkci.<\/p>\n\n\n\n<p>U velmi bohat\u00fdch p\u00e1r\u016f m\u016f\u017ee v\u00fd\u017eivn\u00e9 dosahovat statis\u00edc\u016f m\u011bs\u00ed\u010dn\u011b \u2013 viz <a href=\"https:\/\/www.usoud.cz\/aktualne\/diskriminace-pri-rozhodovani-o-vyzivnem-mezi-manzely-s-vysoce-nadstandardnimi-prijmy\">judik\u00e1t \u00dastavn\u00edho soudu<\/a>.<\/p>\n\n\n\n<p>P\u0159i pod\u00e1n\u00ed n\u00e1vrhu na v\u00fd\u017eivn\u00e9 soud m\u016f\u017ee p\u0159iznat n\u00e1rok nejd\u0159\u00edve od data zah\u00e1jen\u00ed \u0159\u00edzen\u00ed. Tedy ode dne doru\u010den\u00ed n\u00e1vrhu soudu. To je rozd\u00edl oproti v\u00fd\u017eivn\u00e9mu na nezletil\u00e9 d\u011bti, kter\u00e9 lze po\u017eadovat i zp\u011btn\u011b.<\/p>\n\n\n\n<h3 class=\"wp-block-heading\"><strong>Co to je stejn\u00e1 hmotn\u00e1 a kulturn\u00ed \u00farove\u0148 man\u017eel\u016f?<\/strong><\/h3>\n\n\n\n<p>Hmotn\u00e1 a kulturn\u00ed \u00farove\u0148 odr\u00e1\u017e\u00ed \u017eivotn\u00ed standard odpov\u00eddaj\u00edc\u00ed spole\u010densk\u00e9mu postaven\u00ed. Zahrnuje:<\/p>\n\n\n\n<ul class=\"wp-block-list\">\n<li><strong>Z\u00e1kladn\u00ed pot\u0159eby<\/strong> \u2013 bydlen\u00ed, stravov\u00e1n\u00ed.<\/li>\n\n\n\n<li><strong>Seberozvoj a soci\u00e1ln\u00ed kontakt<\/strong> \u2013 n\u00e1v\u0161t\u011bva kulturn\u00edch a spole\u010densk\u00fdch akc\u00ed, udr\u017eov\u00e1n\u00ed vztah\u016f.<\/li>\n\n\n\n<li><strong>Dopravu<\/strong> \u2013 ve\u0159ejn\u00e1, osobn\u00ed v\u016fz, v z\u00e1vislosti na mo\u017enostech i business t\u0159\u00edda nebo soukrom\u00e9 letadlo.<\/li>\n\n\n\n<li><strong>Specifick\u00e9 v\u00fddaje<\/strong> \u2013 nadstandardn\u00ed zdravotn\u00ed p\u00e9\u010de, slu\u017eby osobn\u00edho str\u00e1\u017ece, zahradn\u00edka \u010di dom\u00e1c\u00edho person\u00e1lu.<\/li>\n<\/ul>\n\n\n\n<h2 class=\"wp-block-heading\"><strong>Rozd\u00edl mezi v\u00fd\u017eivn\u00fdm mezi man\u017eele a mezi rozveden\u00fdmi man\u017eely<\/strong><\/h2>\n\n\n\n<p>Mezi rozveden\u00fdmi man\u017eely vznik\u00e1 vy\u017eivovac\u00ed povinnost sp\u00ed\u0161e v\u00fdjime\u010dn\u011b.<\/p>\n\n\n\n<h3 class=\"wp-block-heading\"><strong>Podm\u00ednky vzniku n\u00e1roku<\/strong> <\/h3>\n\n\n\n<p>Vy\u017eivovac\u00ed povinnost <strong>mezi man\u017eely<\/strong> vznik\u00e1 p\u0159i rozd\u00edln\u00fdch p\u0159\u00edjmech, zat\u00edmco u <strong>rozveden\u00fdch man\u017eel\u016f<\/strong> je nutn\u00e9 prok\u00e1zat, \u017ee se jeden z nich <strong>nen\u00ed schopen s\u00e1m \u017eivit<\/strong>, p\u0159i\u010dem\u017e tato neschopnost mus\u00ed souviset s man\u017eelstv\u00edm. Nap\u0159. m\u016f\u017ee vy\u017eivovac\u00ed povinnost vzniknout ex-man\u017eelovi v\u016f\u010di ex-man\u017eelce, kter\u00e1 pe\u010duje celodenn\u011b o posti\u017een\u00e9 d\u00edt\u011b a kv\u016fli dlouh\u00e9 absenci v&nbsp;pr\u00e1ci na mate\u0159sk\u00e9 a rodi\u010dovsk\u00e9 poklesla jej\u00ed profesn\u00ed kvalifikace, z\u00e1rove\u0148 nem\u00e1 p\u0159\u00edjem z&nbsp;majetku.<\/p>\n\n\n\n<h3 class=\"wp-block-heading\"><strong>Rozsah v\u00fd\u017eivn\u00e9ho<\/strong><\/h3>\n\n\n\n<p><strong>B\u011bhem man\u017eelstv\u00ed<\/strong> maj\u00ed m\u00edt oba man\u017eel\u00e9 stejnou hmotnou a kulturn\u00ed \u00farove\u0148. Naopak po rozvodu je v\u00fd\u017eivn\u00e9 omezeno pouze na \u201e<strong>p\u0159im\u011b\u0159en\u00fd rozsah<\/strong>\u201c. To znamen\u00e1, \u017ee b\u00fdval\u00fd man\u017eel m\u00e1 n\u00e1rok pouze na pokryt\u00ed nezbytn\u00fdch pot\u0159eb. Po\u017eadovat stejn\u00fd \u017eivotn\u00ed standard po rozvodu by bylo nespravedliv\u00e9, proto\u017ee z&nbsp;hlediska pr\u00e1va jde o dv\u011b nez\u00e1visl\u00e9 osoby.<\/p>\n\n\n\n<h3 class=\"wp-block-heading\"><strong>Doba trv\u00e1n\u00ed vy\u017eivovac\u00ed povinnosti<\/strong><\/h3>\n\n\n\n<p>U <strong>man\u017eel\u016f<\/strong> plat\u00ed v\u00fd\u017eivn\u00e1 povinnost po celou dobu trv\u00e1n\u00ed man\u017eelstv\u00ed. U <strong>rozveden\u00fdch man\u017eel\u016f<\/strong> je omezena na maxim\u00e1ln\u011b t\u0159i roky od rozvodu, p\u0159\u00edpadn\u011b kon\u010d\u00ed d\u0159\u00edve, pokud opr\u00e1vn\u011bn\u00fd b\u00fdval\u00fd man\u017eel uzav\u0159e nov\u00e9 man\u017eelstv\u00ed.<\/p>\n\n\n\n<p>M\u00e1te-li jak\u00e9koli ot\u00e1zky ohledn\u011b Va\u0161eho n\u00e1roku na v\u00fd\u017eivn\u00e9 od man\u017eela, pop\u0159. rozveden\u00e9ho man\u017eela, nebo obr\u00e1til-li se na V\u00e1s man\u017eel \u010di ex-man\u017eel s po\u017eadavkem na v\u00fd\u017eivn\u00e9, nev\u00e1hejte n\u00e1s kontaktovat pro nez\u00e1vaznou konzultaci.<\/p>\n\n\n\n<hr class=\"wp-block-separator has-alpha-channel-opacity\"\/>\n\n\n\n<p><a id=\"_ftn1\" href=\"#_ftnref1\">[1]<\/a> Rozsudek Krajsk\u00e9ho soudu v \u00dast\u00ed nad Labem ze dne 5. 1. 2004, sp. zn. 10 Co 150\/2004, a na n\u011bj odkazuj\u00edc\u00ed rozsudek Krajsk\u00e9ho soudu v \u00dast\u00ed nad Labem ze dne 25. 5. 2005, sp. zn. 10 Co 250\/2004, dostupn\u00fd <a href=\"https:\/\/kraken.slv.cz\/KSSCEUL10Co250\/2004\">zde<\/a>.<\/p>\n\n\n\n<p><a href=\"#_ftnref2\" id=\"_ftn2\">[2]<\/a> SLOV\u00c1\u010cEK, Martin. \u00a7 697 [V\u00fd\u017eivn\u00e9 mezi man\u017eely]. In: PETROV, Jan, V\u00ddTISK, Michal, BERAN, Vladim\u00edr a kol. Ob\u010dansk\u00fd z\u00e1kon\u00edk. 2. vyd\u00e1n\u00ed (3. aktualizace). Praha: C. H. Beck, 2024, marg. \u010d. 6.<\/p>\n","protected":false},"excerpt":{"rendered":"<p>Man\u017eel\u00e9 maj\u00ed vz\u00e1jemnou vy\u017eivovac\u00ed povinnost v&nbsp;dob\u011b trv\u00e1n\u00ed man\u017eelstv\u00ed. Ta m\u00e1 zajistit ob\u011bma man\u017eel\u016fm z\u00e1sadn\u011b stejnou hmotnou a kulturn\u00ed \u00farove\u0148. K&nbsp;\u010demu slou\u017e\u00ed vy\u017eivovac\u00ed povinnost mezi man\u017eely? V\u00fd\u017eivn\u00e9 mezi man\u017eely slou\u017e\u00ed k vyrovn\u00e1n\u00ed rozd\u00edl\u016f v jejich finan\u010dn\u00edm zabezpe\u010den\u00ed. Nen\u00ed podm\u00edn\u011bno pouze t\u00edm, \u017ee by jeden z man\u017eel\u016f nebyl schopen pokr\u00fdt sv\u00e9 pot\u0159eby s\u00e1m, ale i situac\u00ed, kdy [&hellip;]<\/p>\n","protected":false},"author":2,"featured_media":996,"comment_status":"open","ping_status":"open","sticky":false,"template":"","format":"standard","meta":{"footnotes":""},"categories":[8],"tags":[],"class_list":["post-995","post","type-post","status-publish","format-standard","has-post-thumbnail","hentry","category-rodinne-pravo"],"yoast_head":"<!-- This site is optimized with the Yoast SEO plugin v27.5 - https:\/\/yoast.com\/product\/yoast-seo-wordpress\/ -->\n<title>V\u00fd\u017eivn\u00e9 mezi man\u017eely - HW LEGAL Advok\u00e1tn\u00ed kancel\u00e1\u0159 Brno<\/title>\n<meta name=\"description\" content=\"Man\u017eel\u00e9 maj\u00ed vz\u00e1jemnou vy\u017eivovac\u00ed povinnost. Jak je vysok\u00e1 a kdy ji lze po\u017eadovat?\" \/>\n<meta name=\"robots\" content=\"index, follow, max-snippet:-1, max-image-preview:large, max-video-preview:-1\" \/>\n<link rel=\"canonical\" href=\"https:\/\/hwlegal.cz\/en\/vyzivne-mezi-manzely\/\" \/>\n<meta property=\"og:locale\" content=\"en_US\" \/>\n<meta property=\"og:type\" content=\"article\" \/>\n<meta property=\"og:title\" content=\"V\u00fd\u017eivn\u00e9 mezi man\u017eely - HW LEGAL Advok\u00e1tn\u00ed kancel\u00e1\u0159 Brno\" \/>\n<meta property=\"og:description\" content=\"Man\u017eel\u00e9 maj\u00ed vz\u00e1jemnou vy\u017eivovac\u00ed povinnost. Jak je vysok\u00e1 a kdy ji lze po\u017eadovat?\" \/>\n<meta property=\"og:url\" content=\"https:\/\/hwlegal.cz\/en\/vyzivne-mezi-manzely\/\" \/>\n<meta property=\"og:site_name\" content=\"HW LEGAL Advok\u00e1tn\u00ed kancel\u00e1\u0159 Brno\" \/>\n<meta property=\"article:published_time\" content=\"2025-03-26T22:23:38+00:00\" \/>\n<meta property=\"article:modified_time\" content=\"2025-03-28T09:07:58+00:00\" \/>\n<meta property=\"og:image\" content=\"https:\/\/hwlegal.cz\/wp-content\/uploads\/2025\/03\/pexels-martabranco-31330436-scaled.jpg\" \/>\n\t<meta property=\"og:image:width\" content=\"2560\" \/>\n\t<meta property=\"og:image:height\" content=\"1707\" \/>\n\t<meta property=\"og:image:type\" content=\"image\/jpeg\" \/>\n<meta name=\"author\" content=\"Hw Legal\" \/>\n<meta name=\"twitter:card\" content=\"summary_large_image\" \/>\n<meta name=\"twitter:label1\" content=\"Written by\" \/>\n\t<meta name=\"twitter:data1\" content=\"Hw Legal\" \/>\n\t<meta name=\"twitter:label2\" content=\"Est. reading time\" \/>\n\t<meta name=\"twitter:data2\" content=\"5 minutes\" \/>\n<script type=\"application\/ld+json\" class=\"yoast-schema-graph\">{\"@context\":\"https:\\\/\\\/schema.org\",\"@graph\":[{\"@type\":\"Article\",\"@id\":\"https:\\\/\\\/hwlegal.cz\\\/vyzivne-mezi-manzely\\\/#article\",\"isPartOf\":{\"@id\":\"https:\\\/\\\/hwlegal.cz\\\/vyzivne-mezi-manzely\\\/\"},\"author\":{\"name\":\"Hw Legal\",\"@id\":\"https:\\\/\\\/hwlegal.cz\\\/#\\\/schema\\\/person\\\/a85cbfdcc558093d1c8fd070cea8d1a4\"},\"headline\":\"V\u00fd\u017eivn\u00e9 mezi man\u017eely\",\"datePublished\":\"2025-03-26T22:23:38+00:00\",\"dateModified\":\"2025-03-28T09:07:58+00:00\",\"mainEntityOfPage\":{\"@id\":\"https:\\\/\\\/hwlegal.cz\\\/vyzivne-mezi-manzely\\\/\"},\"wordCount\":1060,\"commentCount\":0,\"publisher\":{\"@id\":\"https:\\\/\\\/hwlegal.cz\\\/#organization\"},\"image\":{\"@id\":\"https:\\\/\\\/hwlegal.cz\\\/vyzivne-mezi-manzely\\\/#primaryimage\"},\"thumbnailUrl\":\"https:\\\/\\\/hwlegal.cz\\\/wp-content\\\/uploads\\\/2025\\\/03\\\/pexels-martabranco-31330436-scaled.jpg\",\"articleSection\":[\"Rodinn\u00e9 pr\u00e1vo\"],\"inLanguage\":\"en-US\",\"potentialAction\":[{\"@type\":\"CommentAction\",\"name\":\"Comment\",\"target\":[\"https:\\\/\\\/hwlegal.cz\\\/vyzivne-mezi-manzely\\\/#respond\"]}]},{\"@type\":\"WebPage\",\"@id\":\"https:\\\/\\\/hwlegal.cz\\\/vyzivne-mezi-manzely\\\/\",\"url\":\"https:\\\/\\\/hwlegal.cz\\\/vyzivne-mezi-manzely\\\/\",\"name\":\"V\u00fd\u017eivn\u00e9 mezi man\u017eely - HW LEGAL Advok\u00e1tn\u00ed kancel\u00e1\u0159 Brno\",\"isPartOf\":{\"@id\":\"https:\\\/\\\/hwlegal.cz\\\/#website\"},\"primaryImageOfPage\":{\"@id\":\"https:\\\/\\\/hwlegal.cz\\\/vyzivne-mezi-manzely\\\/#primaryimage\"},\"image\":{\"@id\":\"https:\\\/\\\/hwlegal.cz\\\/vyzivne-mezi-manzely\\\/#primaryimage\"},\"thumbnailUrl\":\"https:\\\/\\\/hwlegal.cz\\\/wp-content\\\/uploads\\\/2025\\\/03\\\/pexels-martabranco-31330436-scaled.jpg\",\"datePublished\":\"2025-03-26T22:23:38+00:00\",\"dateModified\":\"2025-03-28T09:07:58+00:00\",\"description\":\"Man\u017eel\u00e9 maj\u00ed vz\u00e1jemnou vy\u017eivovac\u00ed povinnost. Jak je vysok\u00e1 a kdy ji lze po\u017eadovat?\",\"breadcrumb\":{\"@id\":\"https:\\\/\\\/hwlegal.cz\\\/vyzivne-mezi-manzely\\\/#breadcrumb\"},\"inLanguage\":\"en-US\",\"potentialAction\":[{\"@type\":\"ReadAction\",\"target\":[\"https:\\\/\\\/hwlegal.cz\\\/vyzivne-mezi-manzely\\\/\"]}]},{\"@type\":\"ImageObject\",\"inLanguage\":\"en-US\",\"@id\":\"https:\\\/\\\/hwlegal.cz\\\/vyzivne-mezi-manzely\\\/#primaryimage\",\"url\":\"https:\\\/\\\/hwlegal.cz\\\/wp-content\\\/uploads\\\/2025\\\/03\\\/pexels-martabranco-31330436-scaled.jpg\",\"contentUrl\":\"https:\\\/\\\/hwlegal.cz\\\/wp-content\\\/uploads\\\/2025\\\/03\\\/pexels-martabranco-31330436-scaled.jpg\",\"width\":2560,\"height\":1707},{\"@type\":\"BreadcrumbList\",\"@id\":\"https:\\\/\\\/hwlegal.cz\\\/vyzivne-mezi-manzely\\\/#breadcrumb\",\"itemListElement\":[{\"@type\":\"ListItem\",\"position\":1,\"name\":\"Dom\u016f\",\"item\":\"https:\\\/\\\/hwlegal.cz\\\/\"},{\"@type\":\"ListItem\",\"position\":2,\"name\":\"V\u00fd\u017eivn\u00e9 mezi man\u017eely\"}]},{\"@type\":\"WebSite\",\"@id\":\"https:\\\/\\\/hwlegal.cz\\\/#website\",\"url\":\"https:\\\/\\\/hwlegal.cz\\\/\",\"name\":\"HW LEGAL Advok\u00e1tn\u00ed kancel\u00e1\u0159\",\"description\":\"Pr\u00e1vn\u00ed slu\u017eby a poradenstv\u00ed pro jednotlivce i firmy\",\"publisher\":{\"@id\":\"https:\\\/\\\/hwlegal.cz\\\/#organization\"},\"alternateName\":\"HW LEGAL\",\"potentialAction\":[{\"@type\":\"SearchAction\",\"target\":{\"@type\":\"EntryPoint\",\"urlTemplate\":\"https:\\\/\\\/hwlegal.cz\\\/?s={search_term_string}\"},\"query-input\":{\"@type\":\"PropertyValueSpecification\",\"valueRequired\":true,\"valueName\":\"search_term_string\"}}],\"inLanguage\":\"en-US\"},{\"@type\":\"Organization\",\"@id\":\"https:\\\/\\\/hwlegal.cz\\\/#organization\",\"name\":\"HW LEGAL Advok\u00e1tn\u00ed Kancel\u00e1\u0159\",\"alternateName\":\"HW LEGAL\",\"url\":\"https:\\\/\\\/hwlegal.cz\\\/\",\"logo\":{\"@type\":\"ImageObject\",\"inLanguage\":\"en-US\",\"@id\":\"https:\\\/\\\/hwlegal.cz\\\/#\\\/schema\\\/logo\\\/image\\\/\",\"url\":\"https:\\\/\\\/hwlegal.cz\\\/wp-content\\\/uploads\\\/2024\\\/05\\\/hw-legal-logo-hwblue.png\",\"contentUrl\":\"https:\\\/\\\/hwlegal.cz\\\/wp-content\\\/uploads\\\/2024\\\/05\\\/hw-legal-logo-hwblue.png\",\"width\":1050,\"height\":1042,\"caption\":\"HW LEGAL Advok\u00e1tn\u00ed Kancel\u00e1\u0159\"},\"image\":{\"@id\":\"https:\\\/\\\/hwlegal.cz\\\/#\\\/schema\\\/logo\\\/image\\\/\"},\"sameAs\":[\"https:\\\/\\\/www.linkedin.com\\\/in\\\/katerina1hajkova1\\\/?utm_source=share&utm_campaign=share_via&utm_content=profile&utm_medium=ios_app\"]},{\"@type\":\"Person\",\"@id\":\"https:\\\/\\\/hwlegal.cz\\\/#\\\/schema\\\/person\\\/a85cbfdcc558093d1c8fd070cea8d1a4\",\"name\":\"Hw Legal\",\"image\":{\"@type\":\"ImageObject\",\"inLanguage\":\"en-US\",\"@id\":\"https:\\\/\\\/secure.gravatar.com\\\/avatar\\\/531a555925f07dd3d88f7e3ff343cf6efc3703c84f5835c8d2dd269dfae0f148?s=96&d=retro&r=g\",\"url\":\"https:\\\/\\\/secure.gravatar.com\\\/avatar\\\/531a555925f07dd3d88f7e3ff343cf6efc3703c84f5835c8d2dd269dfae0f148?s=96&d=retro&r=g\",\"contentUrl\":\"https:\\\/\\\/secure.gravatar.com\\\/avatar\\\/531a555925f07dd3d88f7e3ff343cf6efc3703c84f5835c8d2dd269dfae0f148?s=96&d=retro&r=g\",\"caption\":\"Hw Legal\"},\"url\":\"https:\\\/\\\/hwlegal.cz\\\/en\\\/author\\\/hwlegal\\\/\"}]}<\/script>\n<!-- \/ Yoast SEO plugin. -->","yoast_head_json":{"title":"V\u00fd\u017eivn\u00e9 mezi man\u017eely - HW LEGAL Advok\u00e1tn\u00ed kancel\u00e1\u0159 Brno","description":"Man\u017eel\u00e9 maj\u00ed vz\u00e1jemnou vy\u017eivovac\u00ed povinnost. Jak je vysok\u00e1 a kdy ji lze po\u017eadovat?","robots":{"index":"index","follow":"follow","max-snippet":"max-snippet:-1","max-image-preview":"max-image-preview:large","max-video-preview":"max-video-preview:-1"},"canonical":"https:\/\/hwlegal.cz\/en\/vyzivne-mezi-manzely\/","og_locale":"en_US","og_type":"article","og_title":"V\u00fd\u017eivn\u00e9 mezi man\u017eely - HW LEGAL Advok\u00e1tn\u00ed kancel\u00e1\u0159 Brno","og_description":"Man\u017eel\u00e9 maj\u00ed vz\u00e1jemnou vy\u017eivovac\u00ed povinnost. Jak je vysok\u00e1 a kdy ji lze po\u017eadovat?","og_url":"https:\/\/hwlegal.cz\/en\/vyzivne-mezi-manzely\/","og_site_name":"HW LEGAL Advok\u00e1tn\u00ed kancel\u00e1\u0159 Brno","article_published_time":"2025-03-26T22:23:38+00:00","article_modified_time":"2025-03-28T09:07:58+00:00","og_image":[{"width":2560,"height":1707,"url":"https:\/\/hwlegal.cz\/wp-content\/uploads\/2025\/03\/pexels-martabranco-31330436-scaled.jpg","type":"image\/jpeg"}],"author":"Hw Legal","twitter_card":"summary_large_image","twitter_misc":{"Written by":"Hw Legal","Est. reading time":"5 minutes"},"schema":{"@context":"https:\/\/schema.org","@graph":[{"@type":"Article","@id":"https:\/\/hwlegal.cz\/vyzivne-mezi-manzely\/#article","isPartOf":{"@id":"https:\/\/hwlegal.cz\/vyzivne-mezi-manzely\/"},"author":{"name":"Hw Legal","@id":"https:\/\/hwlegal.cz\/#\/schema\/person\/a85cbfdcc558093d1c8fd070cea8d1a4"},"headline":"V\u00fd\u017eivn\u00e9 mezi man\u017eely","datePublished":"2025-03-26T22:23:38+00:00","dateModified":"2025-03-28T09:07:58+00:00","mainEntityOfPage":{"@id":"https:\/\/hwlegal.cz\/vyzivne-mezi-manzely\/"},"wordCount":1060,"commentCount":0,"publisher":{"@id":"https:\/\/hwlegal.cz\/#organization"},"image":{"@id":"https:\/\/hwlegal.cz\/vyzivne-mezi-manzely\/#primaryimage"},"thumbnailUrl":"https:\/\/hwlegal.cz\/wp-content\/uploads\/2025\/03\/pexels-martabranco-31330436-scaled.jpg","articleSection":["Rodinn\u00e9 pr\u00e1vo"],"inLanguage":"en-US","potentialAction":[{"@type":"CommentAction","name":"Comment","target":["https:\/\/hwlegal.cz\/vyzivne-mezi-manzely\/#respond"]}]},{"@type":"WebPage","@id":"https:\/\/hwlegal.cz\/vyzivne-mezi-manzely\/","url":"https:\/\/hwlegal.cz\/vyzivne-mezi-manzely\/","name":"V\u00fd\u017eivn\u00e9 mezi man\u017eely - HW LEGAL Advok\u00e1tn\u00ed kancel\u00e1\u0159 Brno","isPartOf":{"@id":"https:\/\/hwlegal.cz\/#website"},"primaryImageOfPage":{"@id":"https:\/\/hwlegal.cz\/vyzivne-mezi-manzely\/#primaryimage"},"image":{"@id":"https:\/\/hwlegal.cz\/vyzivne-mezi-manzely\/#primaryimage"},"thumbnailUrl":"https:\/\/hwlegal.cz\/wp-content\/uploads\/2025\/03\/pexels-martabranco-31330436-scaled.jpg","datePublished":"2025-03-26T22:23:38+00:00","dateModified":"2025-03-28T09:07:58+00:00","description":"Man\u017eel\u00e9 maj\u00ed vz\u00e1jemnou vy\u017eivovac\u00ed povinnost. Jak je vysok\u00e1 a kdy ji lze po\u017eadovat?","breadcrumb":{"@id":"https:\/\/hwlegal.cz\/vyzivne-mezi-manzely\/#breadcrumb"},"inLanguage":"en-US","potentialAction":[{"@type":"ReadAction","target":["https:\/\/hwlegal.cz\/vyzivne-mezi-manzely\/"]}]},{"@type":"ImageObject","inLanguage":"en-US","@id":"https:\/\/hwlegal.cz\/vyzivne-mezi-manzely\/#primaryimage","url":"https:\/\/hwlegal.cz\/wp-content\/uploads\/2025\/03\/pexels-martabranco-31330436-scaled.jpg","contentUrl":"https:\/\/hwlegal.cz\/wp-content\/uploads\/2025\/03\/pexels-martabranco-31330436-scaled.jpg","width":2560,"height":1707},{"@type":"BreadcrumbList","@id":"https:\/\/hwlegal.cz\/vyzivne-mezi-manzely\/#breadcrumb","itemListElement":[{"@type":"ListItem","position":1,"name":"Dom\u016f","item":"https:\/\/hwlegal.cz\/"},{"@type":"ListItem","position":2,"name":"V\u00fd\u017eivn\u00e9 mezi man\u017eely"}]},{"@type":"WebSite","@id":"https:\/\/hwlegal.cz\/#website","url":"https:\/\/hwlegal.cz\/","name":"HW LEGAL Advok\u00e1tn\u00ed kancel\u00e1\u0159","description":"Pr\u00e1vn\u00ed slu\u017eby a poradenstv\u00ed pro jednotlivce i firmy","publisher":{"@id":"https:\/\/hwlegal.cz\/#organization"},"alternateName":"HW LEGAL","potentialAction":[{"@type":"SearchAction","target":{"@type":"EntryPoint","urlTemplate":"https:\/\/hwlegal.cz\/?s={search_term_string}"},"query-input":{"@type":"PropertyValueSpecification","valueRequired":true,"valueName":"search_term_string"}}],"inLanguage":"en-US"},{"@type":"Organization","@id":"https:\/\/hwlegal.cz\/#organization","name":"HW LEGAL Advok\u00e1tn\u00ed Kancel\u00e1\u0159","alternateName":"HW LEGAL","url":"https:\/\/hwlegal.cz\/","logo":{"@type":"ImageObject","inLanguage":"en-US","@id":"https:\/\/hwlegal.cz\/#\/schema\/logo\/image\/","url":"https:\/\/hwlegal.cz\/wp-content\/uploads\/2024\/05\/hw-legal-logo-hwblue.png","contentUrl":"https:\/\/hwlegal.cz\/wp-content\/uploads\/2024\/05\/hw-legal-logo-hwblue.png","width":1050,"height":1042,"caption":"HW LEGAL Advok\u00e1tn\u00ed Kancel\u00e1\u0159"},"image":{"@id":"https:\/\/hwlegal.cz\/#\/schema\/logo\/image\/"},"sameAs":["https:\/\/www.linkedin.com\/in\/katerina1hajkova1\/?utm_source=share&utm_campaign=share_via&utm_content=profile&utm_medium=ios_app"]},{"@type":"Person","@id":"https:\/\/hwlegal.cz\/#\/schema\/person\/a85cbfdcc558093d1c8fd070cea8d1a4","name":"Hw Legal","image":{"@type":"ImageObject","inLanguage":"en-US","@id":"https:\/\/secure.gravatar.com\/avatar\/531a555925f07dd3d88f7e3ff343cf6efc3703c84f5835c8d2dd269dfae0f148?s=96&d=retro&r=g","url":"https:\/\/secure.gravatar.com\/avatar\/531a555925f07dd3d88f7e3ff343cf6efc3703c84f5835c8d2dd269dfae0f148?s=96&d=retro&r=g","contentUrl":"https:\/\/secure.gravatar.com\/avatar\/531a555925f07dd3d88f7e3ff343cf6efc3703c84f5835c8d2dd269dfae0f148?s=96&d=retro&r=g","caption":"Hw Legal"},"url":"https:\/\/hwlegal.cz\/en\/author\/hwlegal\/"}]}},"_links":{"self":[{"href":"https:\/\/hwlegal.cz\/en\/wp-json\/wp\/v2\/posts\/995","targetHints":{"allow":["GET"]}}],"collection":[{"href":"https:\/\/hwlegal.cz\/en\/wp-json\/wp\/v2\/posts"}],"about":[{"href":"https:\/\/hwlegal.cz\/en\/wp-json\/wp\/v2\/types\/post"}],"author":[{"embeddable":true,"href":"https:\/\/hwlegal.cz\/en\/wp-json\/wp\/v2\/users\/2"}],"replies":[{"embeddable":true,"href":"https:\/\/hwlegal.cz\/en\/wp-json\/wp\/v2\/comments?post=995"}],"version-history":[{"count":4,"href":"https:\/\/hwlegal.cz\/en\/wp-json\/wp\/v2\/posts\/995\/revisions"}],"predecessor-version":[{"id":1001,"href":"https:\/\/hwlegal.cz\/en\/wp-json\/wp\/v2\/posts\/995\/revisions\/1001"}],"wp:featuredmedia":[{"embeddable":true,"href":"https:\/\/hwlegal.cz\/en\/wp-json\/wp\/v2\/media\/996"}],"wp:attachment":[{"href":"https:\/\/hwlegal.cz\/en\/wp-json\/wp\/v2\/media?parent=995"}],"wp:term":[{"taxonomy":"category","embeddable":true,"href":"https:\/\/hwlegal.cz\/en\/wp-json\/wp\/v2\/categories?post=995"},{"taxonomy":"post_tag","embeddable":true,"href":"https:\/\/hwlegal.cz\/en\/wp-json\/wp\/v2\/tags?post=995"}],"curies":[{"name":"wp","href":"https:\/\/api.w.org\/{rel}","templated":true}]}}